{"id":97,"date":"2018-06-17T15:36:16","date_gmt":"2018-06-17T13:36:16","guid":{"rendered":"http:\/\/klimaico.pl\/?p=97"},"modified":"2018-06-19T17:04:48","modified_gmt":"2018-06-19T15:04:48","slug":"promocja-klimatyzacja-do-bloku","status":"publish","type":"post","link":"https:\/\/klimaico.pl\/index.php\/2018\/06\/17\/promocja-klimatyzacja-do-bloku\/","title":{"rendered":"Promocja &#8211; klimatyzacja do bloku &#8211; rabat www100"},"content":{"rendered":"<p><img decoding=\"async\" loading=\"lazy\" src=\"http:\/\/klimaico.pl\/wp-content\/uploads\/2018\/06\/swinka.jpg\" alt=\"\" width=\"278\" height=\"181\" class=\"alignleft size-full wp-image-361\" \/>Obecnie niemal od r\u0119ki jestem w stanie wykona\u0107 monta\u017c klimatyzacji firmy Rotenso w lokalach mieszkalnych (<a href=\"https:\/\/www.hvacr.pl\/uploads\/files\/201803\/rotenso-katalog-201894.pdf\">zobacz katalog<\/a>).<br \/>\nGwarantuj\u0119, \u017ce je\u017celi skorzystacie Pa\u0144stwo z us\u0142ugi zakupu urz\u0105dze\u0144 wraz z monta\u017cem, cena b\u0119dzie znacznie ni\u017csza ni\u017c katalogowa.<br \/>\nDodatkowo na has\u0142o www100 od ceny wynegocjowanej w rozmowie otrzymacie Pa\u0144stwo rabat 100 z\u0142. Przy czym prosz\u0119 wspomnie\u0107 has\u0142w &#8222;rabat www100&#8221; podczas pierwszej rozmowy.<\/p>\n<p><img decoding=\"async\" loading=\"lazy\" src=\"http:\/\/klimaico.pl\/wp-content\/uploads\/2018\/06\/klimatyzator-scienny-rotenso-sole-s35vi-s35vo-35-kw-300x300.jpg\" alt=\"\" width=\"300\" height=\"300\" class=\"alignright size-medium wp-image-224\" srcset=\"https:\/\/klimaico.pl\/wp-content\/uploads\/2018\/06\/klimatyzator-scienny-rotenso-sole-s35vi-s35vo-35-kw-300x300.jpg 300w, https:\/\/klimaico.pl\/wp-content\/uploads\/2018\/06\/klimatyzator-scienny-rotenso-sole-s35vi-s35vo-35-kw-150x150.jpg 150w, https:\/\/klimaico.pl\/wp-content\/uploads\/2018\/06\/klimatyzator-scienny-rotenso-sole-s35vi-s35vo-35-kw-100x100.jpg 100w, https:\/\/klimaico.pl\/wp-content\/uploads\/2018\/06\/klimatyzator-scienny-rotenso-sole-s35vi-s35vo-35-kw.jpg 600w\" sizes=\"(max-width: 300px) 100vw, 300px\" \/><\/p>\n","protected":false},"excerpt":{"rendered":"<p>Obecnie niemal od r\u0119ki jestem w stanie wykona\u0107 monta\u017c klimatyzacji firmy Rotenso w lokalach mieszkalnych (zobacz katalog). Gwarantuj\u0119, \u017ce je\u017celi skorzystacie Pa\u0144stwo z us\u0142ugi zakupu urz\u0105dze\u0144 wraz z monta\u017cem, cena b\u0119dzie znacznie ni\u017csza ni\u017c katalogowa. Dodatkowo na has\u0142o www100 od ceny wynegocjowanej w rozmowie otrzymacie Pa\u0144stwo rabat 100 z\u0142. Przy czym prosz\u0119 wspomnie\u0107 has\u0142w &#8222;rabat &hellip; <\/p>\n<p class=\"link-more\"><a href=\"https:\/\/klimaico.pl\/index.php\/2018\/06\/17\/promocja-klimatyzacja-do-bloku\/\" class=\"more-link\">Czytaj dalej<span class=\"screen-reader-text\"> Promocja &#8211; klimatyzacja do bloku &#8211; rabat www100<\/span><\/a><\/p>\n","protected":false},"author":1,"featured_media":0,"comment_status":"open","ping_status":"open","sticky":false,"template":"","format":"standard","meta":[],"categories":[4],"tags":[],"_links":{"self":[{"href":"https:\/\/klimaico.pl\/index.php\/wp-json\/wp\/v2\/posts\/97"}],"collection":[{"href":"https:\/\/klimaico.pl\/index.php\/wp-json\/wp\/v2\/posts"}],"about":[{"href":"https:\/\/klimaico.pl\/index.php\/wp-json\/wp\/v2\/types\/post"}],"author":[{"embeddable":true,"href":"https:\/\/klimaico.pl\/index.php\/wp-json\/wp\/v2\/users\/1"}],"replies":[{"embeddable":true,"href":"https:\/\/klimaico.pl\/index.php\/wp-json\/wp\/v2\/comments?post=97"}],"version-history":[{"count":9,"href":"https:\/\/klimaico.pl\/index.php\/wp-json\/wp\/v2\/posts\/97\/revisions"}],"predecessor-version":[{"id":362,"href":"https:\/\/klimaico.pl\/index.php\/wp-json\/wp\/v2\/posts\/97\/revisions\/362"}],"wp:attachment":[{"href":"https:\/\/klimaico.pl\/index.php\/wp-json\/wp\/v2\/media?parent=97"}],"wp:term":[{"taxonomy":"category","embeddable":true,"href":"https:\/\/klimaico.pl\/index.php\/wp-json\/wp\/v2\/categories?post=97"},{"taxonomy":"post_tag","embeddable":true,"href":"https:\/\/klimaico.pl\/index.php\/wp-json\/wp\/v2\/tags?post=97"}],"curies":[{"name":"wp","href":"https:\/\/api.w.org\/{rel}","templated":true}]}}